{"id":6801,"date":"2019-10-08T09:00:20","date_gmt":"2019-10-08T07:00:20","guid":{"rendered":"https:\/\/vakkimsa.com\/en-vak-kimsa-hemos-inaugurado-ampliacion-instalaciones\/"},"modified":"2020-01-29T17:23:25","modified_gmt":"2020-01-29T16:23:25","slug":"a-vak-kimsa-hem-inaugurat-ampliacio-de-les-instal%c2%b7lacions","status":"publish","type":"post","link":"https:\/\/vakkimsa.com\/ca\/2019\/10\/08\/a-vak-kimsa-hem-inaugurat-ampliacio-de-les-instal%c2%b7lacions\/","title":{"rendered":"A VAK KIMSA, S. A. hem inaugurat l&#8217;ampliaci\u00f3 de les instal\u00b7lacions!!"},"content":{"rendered":"<p>El passat divendres 4 d&#8217;octubre de 2019, vam celebrar l&#8217;esdeveniment d&#8217;inauguraci\u00f3 de l&#8217;ampliaci\u00f3 de les instal\u00b7lacions, que han passat de 2.000 m\u00b2 a 3.500 m\u00b2, comptant amb l&#8217;assist\u00e8ncia de 200 convidats.<\/p>\n<p>Aquestes noves instal\u00b7lacions s\u00f3n la clau per a afrontar els nous reptes empresarials i poder continuar sent l&#8217;empresa l\u00edder en el mercat d&#8217;agitaci\u00f3 i mescla, pioner tecnol\u00f2gicament i amb vocaci\u00f3 d&#8217;oferir el millor servei i atenci\u00f3 als clients, prove\u00efdors i a l&#8217;equip hum\u00e0 que forma VK.<\/p>\n<p style=\"text-align: justify;\"><span style=\"font-size: 18pt;\"><strong>L&#8217;acte va ser un \u00e8xit rotund!!<\/strong><\/span><\/p>\n<p>Els amfitrions de la inauguraci\u00f3 van ser l&#8217;equip de VK, al costat de la direcci\u00f3, Helena Rodriguez, Elisabet Rodriguez, Anna Torredeflot i Xavi Torredeflot, que van treballar conjuntament perqu\u00e8 l&#8217;esdeveniment fos un \u00e8xit.<\/p>\n<p>En el transcurs de la inauguraci\u00f3, els assistents, mitjan\u00e7ant una visita guiada per les instal\u00b7lacions, van poder con\u00e8ixer el proc\u00e9s de producci\u00f3 d&#8217;un equip d&#8217;inici a fi, explicat en primera persona pels integrants dels diferents departaments de VK.<\/p>\n<p>Entre tots els convidats comptem amb la pres\u00e8ncia de les seg\u00fcents personalitats:<\/p>\n<p><img fetchpriority=\"high\" decoding=\"async\" class=\"wp-image-4036 size-full alignright\" src=\"https:\/\/vakkimsa.com\/wp-content\/uploads\/2019\/10\/el-acto-fue-un-exito-rotundo.jpg\" alt=\"\" width=\"700\" height=\"440\" srcset=\"https:\/\/vakkimsa.com\/wp-content\/uploads\/2019\/10\/el-acto-fue-un-exito-rotundo-200x126.jpg 200w, https:\/\/vakkimsa.com\/wp-content\/uploads\/2019\/10\/el-acto-fue-un-exito-rotundo-320x202.jpg 320w, https:\/\/vakkimsa.com\/wp-content\/uploads\/2019\/10\/el-acto-fue-un-exito-rotundo-400x251.jpg 400w, https:\/\/vakkimsa.com\/wp-content\/uploads\/2019\/10\/el-acto-fue-un-exito-rotundo-600x377.jpg 600w, https:\/\/vakkimsa.com\/wp-content\/uploads\/2019\/10\/el-acto-fue-un-exito-rotundo.jpg 700w\" sizes=\"(max-width: 700px) 100vw, 700px\" \/><\/p>\n<p style=\"text-align: justify;\">El Sr. <strong>Ramon Tremosa<\/strong>, Professor d&#8217;Economia UB. Diputat en el Parlament Europeu 2009-19. Coordinador Comit\u00e8 Economia Grup Liberal 2017-19, va remarcar en el seu discurs; \u201c[&#8230;] a nivell microecon\u00f2mic tinc molt inter\u00e8s per saber quina \u00e9s la clau de l&#8217;\u00e8xit d&#8217;una PIME com VAK KIMSA.\u201d, i especificant que \u201cVAK KIMSA, entre 2007 i 2018, ha duplicat la facturaci\u00f3 de l&#8217;empresa i l&#8217;actiu del seu balan\u00e7. En aquests dotze anys VAK KIMSA ha gaireb\u00e9 duplicat el pes de la inversi\u00f3 en R+D sobre la facturaci\u00f3, a m\u00e9s que ha duplicat el nombre de treballadors i ha quadruplicat les seves exportacions\u201d.<\/p>\n<p style=\"text-align: justify;\">El President de la Cambra de Terrassa, Sr. <strong>Ramon Talam\u00e0s<\/strong>, diu: \u201cAmpliar \u00e9s, un verb positiu. [&#8230;] Aquest \u00e9s el veritable motor de la nostra economia i la vostra empresa \u00e9s un fidel exemple. Catalunya \u00e9s forta i amb potencial gr\u00e0cies a realitats com la vostra. Gr\u00e0cies per la vostra contribuci\u00f3\u201d.<\/p>\n<p style=\"text-align: justify;\">Els Regidors de l&#8217;Ajuntament de Rub\u00ed, el Regidor d&#8217;Ocupabilitat i Educaci\u00f3, Sr.\u00a0<strong>V\u00edctor Garc\u00eda<\/strong> va destacar a: \u201c[&#8230;] sempre que la ciutat ha buscat la complicitat del seu teixit empresarial, ha trobat en Vak Kimsa un aliat incondicional \u201c i el Tinent Alcalde i el Regidor d&#8217;Obra P\u00fablica, Sr. <strong>Juan Lopez<\/strong>.<\/p>\n<p>Per part de la Cecot van assistir el Secretari General, Sr. <strong>David Garrof\u00e9<\/strong>, i el President de la Cecot-Rub\u00ed Sr. <strong>Manel Jim\u00e9nez.<\/strong><\/p>\n<p><strong>Moltes gr\u00e0cies per haver compartit aquest dia junts!!<\/strong><\/p>\n<p><img decoding=\"async\" class=\"wp-image-4037 aligncenter\" src=\"https:\/\/vakkimsa.com\/wp-content\/uploads\/2019\/10\/exito-rotundo.jpg\" alt=\"\" width=\"656\" height=\"407\" \/><\/p>\n","protected":false},"excerpt":{"rendered":"<p>El passat divendres 4 d&#8217;octubre de 2019, vam celebrar l&#8217;esdeveniment d&#8217;inauguraci\u00f3 de l&#8217;ampliaci\u00f3 de les<\/p>\n","protected":false},"author":1,"featured_media":6803,"comment_status":"closed","ping_status":"closed","sticky":false,"template":"","format":"standard","meta":{"footnotes":""},"categories":[25,29],"tags":[],"class_list":["post-6801","post","type-post","status-publish","format-standard","has-post-thumbnail","hentry","category-noticias-ca","category-noticies"],"yoast_head":"<!-- This site is optimized with the Yoast SEO plugin v27.1.1 - https:\/\/yoast.com\/product\/yoast-seo-wordpress\/ -->\n<title>A VAK KIMSA, S. A. hem inaugurat l&#039;ampliaci\u00f3 de les instal\u00b7lacions!! - Vak Kimsa, S.A.<\/title>\n<meta name=\"robots\" content=\"index, follow, max-snippet:-1, max-image-preview:large, max-video-preview:-1\" \/>\n<link rel=\"canonical\" href=\"https:\/\/vakkimsa.com\/ca\/2019\/10\/08\/a-vak-kimsa-hem-inaugurat-ampliacio-de-les-instal%c2%b7lacions\/\" \/>\n<meta property=\"og:locale\" content=\"ca_ES\" \/>\n<meta property=\"og:type\" content=\"article\" \/>\n<meta property=\"og:title\" content=\"A VAK KIMSA, S. A. hem inaugurat l&#039;ampliaci\u00f3 de les instal\u00b7lacions!! - Vak Kimsa, S.A.\" \/>\n<meta property=\"og:description\" content=\"El passat divendres 4 d&#8217;octubre de 2019, vam celebrar l&#8217;esdeveniment d&#8217;inauguraci\u00f3 de l&#8217;ampliaci\u00f3 de les\" \/>\n<meta property=\"og:url\" content=\"https:\/\/vakkimsa.com\/ca\/2019\/10\/08\/a-vak-kimsa-hem-inaugurat-ampliacio-de-les-instal%c2%b7lacions\/\" \/>\n<meta property=\"og:site_name\" content=\"Vak Kimsa, S.A.\" \/>\n<meta property=\"article:published_time\" content=\"2019-10-08T07:00:20+00:00\" \/>\n<meta property=\"article:modified_time\" content=\"2020-01-29T16:23:25+00:00\" \/>\n<meta property=\"og:image\" content=\"https:\/\/vakkimsa.com\/wp-content\/uploads\/2019\/10\/VAK-KIMSA.jpg\" \/>\n\t<meta property=\"og:image:width\" content=\"500\" \/>\n\t<meta property=\"og:image:height\" content=\"235\" \/>\n\t<meta property=\"og:image:type\" content=\"image\/jpeg\" \/>\n<meta name=\"author\" content=\"Vakkimsa\" \/>\n<meta name=\"twitter:card\" content=\"summary_large_image\" \/>\n<meta name=\"twitter:label1\" content=\"Escrit per\" \/>\n\t<meta name=\"twitter:data1\" content=\"Vakkimsa\" \/>\n\t<meta name=\"twitter:label2\" content=\"Temps estimat de lectura\" \/>\n\t<meta name=\"twitter:data2\" content=\"2 minuts\" \/>\n<script type=\"application\/ld+json\" class=\"yoast-schema-graph\">{\"@context\":\"https:\/\/schema.org\",\"@graph\":[{\"@type\":\"Article\",\"@id\":\"https:\/\/vakkimsa.com\/ca\/2019\/10\/08\/a-vak-kimsa-hem-inaugurat-ampliacio-de-les-instal%c2%b7lacions\/#article\",\"isPartOf\":{\"@id\":\"https:\/\/vakkimsa.com\/ca\/2019\/10\/08\/a-vak-kimsa-hem-inaugurat-ampliacio-de-les-instal%c2%b7lacions\/\"},\"author\":{\"name\":\"Vakkimsa\",\"@id\":\"https:\/\/vakkimsa.com\/ca\/#\/schema\/person\/96023607e5388f52d512d5dc4bb6bd8a\"},\"headline\":\"A VAK KIMSA, S. A. hem inaugurat l&#8217;ampliaci\u00f3 de les instal\u00b7lacions!!\",\"datePublished\":\"2019-10-08T07:00:20+00:00\",\"dateModified\":\"2020-01-29T16:23:25+00:00\",\"mainEntityOfPage\":{\"@id\":\"https:\/\/vakkimsa.com\/ca\/2019\/10\/08\/a-vak-kimsa-hem-inaugurat-ampliacio-de-les-instal%c2%b7lacions\/\"},\"wordCount\":446,\"image\":{\"@id\":\"https:\/\/vakkimsa.com\/ca\/2019\/10\/08\/a-vak-kimsa-hem-inaugurat-ampliacio-de-les-instal%c2%b7lacions\/#primaryimage\"},\"thumbnailUrl\":\"https:\/\/vakkimsa.com\/wp-content\/uploads\/2019\/10\/VAK-KIMSA.jpg\",\"articleSection\":[\"Noticias\",\"Not\u00edcies\"],\"inLanguage\":\"ca\"},{\"@type\":\"WebPage\",\"@id\":\"https:\/\/vakkimsa.com\/ca\/2019\/10\/08\/a-vak-kimsa-hem-inaugurat-ampliacio-de-les-instal%c2%b7lacions\/\",\"url\":\"https:\/\/vakkimsa.com\/ca\/2019\/10\/08\/a-vak-kimsa-hem-inaugurat-ampliacio-de-les-instal%c2%b7lacions\/\",\"name\":\"A VAK KIMSA, S. A. hem inaugurat l'ampliaci\u00f3 de les instal\u00b7lacions!! - Vak Kimsa, S.A.\",\"isPartOf\":{\"@id\":\"https:\/\/vakkimsa.com\/ca\/#website\"},\"primaryImageOfPage\":{\"@id\":\"https:\/\/vakkimsa.com\/ca\/2019\/10\/08\/a-vak-kimsa-hem-inaugurat-ampliacio-de-les-instal%c2%b7lacions\/#primaryimage\"},\"image\":{\"@id\":\"https:\/\/vakkimsa.com\/ca\/2019\/10\/08\/a-vak-kimsa-hem-inaugurat-ampliacio-de-les-instal%c2%b7lacions\/#primaryimage\"},\"thumbnailUrl\":\"https:\/\/vakkimsa.com\/wp-content\/uploads\/2019\/10\/VAK-KIMSA.jpg\",\"datePublished\":\"2019-10-08T07:00:20+00:00\",\"dateModified\":\"2020-01-29T16:23:25+00:00\",\"author\":{\"@id\":\"https:\/\/vakkimsa.com\/ca\/#\/schema\/person\/96023607e5388f52d512d5dc4bb6bd8a\"},\"breadcrumb\":{\"@id\":\"https:\/\/vakkimsa.com\/ca\/2019\/10\/08\/a-vak-kimsa-hem-inaugurat-ampliacio-de-les-instal%c2%b7lacions\/#breadcrumb\"},\"inLanguage\":\"ca\",\"potentialAction\":[{\"@type\":\"ReadAction\",\"target\":[\"https:\/\/vakkimsa.com\/ca\/2019\/10\/08\/a-vak-kimsa-hem-inaugurat-ampliacio-de-les-instal%c2%b7lacions\/\"]}]},{\"@type\":\"ImageObject\",\"inLanguage\":\"ca\",\"@id\":\"https:\/\/vakkimsa.com\/ca\/2019\/10\/08\/a-vak-kimsa-hem-inaugurat-ampliacio-de-les-instal%c2%b7lacions\/#primaryimage\",\"url\":\"https:\/\/vakkimsa.com\/wp-content\/uploads\/2019\/10\/VAK-KIMSA.jpg\",\"contentUrl\":\"https:\/\/vakkimsa.com\/wp-content\/uploads\/2019\/10\/VAK-KIMSA.jpg\",\"width\":500,\"height\":235},{\"@type\":\"BreadcrumbList\",\"@id\":\"https:\/\/vakkimsa.com\/ca\/2019\/10\/08\/a-vak-kimsa-hem-inaugurat-ampliacio-de-les-instal%c2%b7lacions\/#breadcrumb\",\"itemListElement\":[{\"@type\":\"ListItem\",\"position\":1,\"name\":\"Portada\",\"item\":\"https:\/\/vakkimsa.com\/ca\/\"},{\"@type\":\"ListItem\",\"position\":2,\"name\":\"A VAK KIMSA, S. A. hem inaugurat l&#8217;ampliaci\u00f3 de les instal\u00b7lacions!!\"}]},{\"@type\":\"WebSite\",\"@id\":\"https:\/\/vakkimsa.com\/ca\/#website\",\"url\":\"https:\/\/vakkimsa.com\/ca\/\",\"name\":\"Vak Kimsa, S.A.\",\"description\":\"Agitadores y mezcladores en l\u00ednea\",\"potentialAction\":[{\"@type\":\"SearchAction\",\"target\":{\"@type\":\"EntryPoint\",\"urlTemplate\":\"https:\/\/vakkimsa.com\/ca\/?s={search_term_string}\"},\"query-input\":{\"@type\":\"PropertyValueSpecification\",\"valueRequired\":true,\"valueName\":\"search_term_string\"}}],\"inLanguage\":\"ca\"},{\"@type\":\"Person\",\"@id\":\"https:\/\/vakkimsa.com\/ca\/#\/schema\/person\/96023607e5388f52d512d5dc4bb6bd8a\",\"name\":\"Vakkimsa\",\"image\":{\"@type\":\"ImageObject\",\"inLanguage\":\"ca\",\"@id\":\"https:\/\/vakkimsa.com\/ca\/#\/schema\/person\/image\/\",\"url\":\"https:\/\/secure.gravatar.com\/avatar\/98bfdec375e0b4937d286628da2337bcbf6578c399530b9c214934374e25c7bb?s=96&d=mm&r=g\",\"contentUrl\":\"https:\/\/secure.gravatar.com\/avatar\/98bfdec375e0b4937d286628da2337bcbf6578c399530b9c214934374e25c7bb?s=96&d=mm&r=g\",\"caption\":\"Vakkimsa\"},\"url\":\"https:\/\/vakkimsa.com\/ca\/author\/vakkimsa\/\"}]}<\/script>\n<!-- \/ Yoast SEO plugin. -->","yoast_head_json":{"title":"A VAK KIMSA, S. A. hem inaugurat l'ampliaci\u00f3 de les instal\u00b7lacions!! - Vak Kimsa, S.A.","robots":{"index":"index","follow":"follow","max-snippet":"max-snippet:-1","max-image-preview":"max-image-preview:large","max-video-preview":"max-video-preview:-1"},"canonical":"https:\/\/vakkimsa.com\/ca\/2019\/10\/08\/a-vak-kimsa-hem-inaugurat-ampliacio-de-les-instal%c2%b7lacions\/","og_locale":"ca_ES","og_type":"article","og_title":"A VAK KIMSA, S. A. hem inaugurat l'ampliaci\u00f3 de les instal\u00b7lacions!! - Vak Kimsa, S.A.","og_description":"El passat divendres 4 d&#8217;octubre de 2019, vam celebrar l&#8217;esdeveniment d&#8217;inauguraci\u00f3 de l&#8217;ampliaci\u00f3 de les","og_url":"https:\/\/vakkimsa.com\/ca\/2019\/10\/08\/a-vak-kimsa-hem-inaugurat-ampliacio-de-les-instal%c2%b7lacions\/","og_site_name":"Vak Kimsa, S.A.","article_published_time":"2019-10-08T07:00:20+00:00","article_modified_time":"2020-01-29T16:23:25+00:00","og_image":[{"width":500,"height":235,"url":"https:\/\/vakkimsa.com\/wp-content\/uploads\/2019\/10\/VAK-KIMSA.jpg","type":"image\/jpeg"}],"author":"Vakkimsa","twitter_card":"summary_large_image","twitter_misc":{"Escrit per":"Vakkimsa","Temps estimat de lectura":"2 minuts"},"schema":{"@context":"https:\/\/schema.org","@graph":[{"@type":"Article","@id":"https:\/\/vakkimsa.com\/ca\/2019\/10\/08\/a-vak-kimsa-hem-inaugurat-ampliacio-de-les-instal%c2%b7lacions\/#article","isPartOf":{"@id":"https:\/\/vakkimsa.com\/ca\/2019\/10\/08\/a-vak-kimsa-hem-inaugurat-ampliacio-de-les-instal%c2%b7lacions\/"},"author":{"name":"Vakkimsa","@id":"https:\/\/vakkimsa.com\/ca\/#\/schema\/person\/96023607e5388f52d512d5dc4bb6bd8a"},"headline":"A VAK KIMSA, S. A. hem inaugurat l&#8217;ampliaci\u00f3 de les instal\u00b7lacions!!","datePublished":"2019-10-08T07:00:20+00:00","dateModified":"2020-01-29T16:23:25+00:00","mainEntityOfPage":{"@id":"https:\/\/vakkimsa.com\/ca\/2019\/10\/08\/a-vak-kimsa-hem-inaugurat-ampliacio-de-les-instal%c2%b7lacions\/"},"wordCount":446,"image":{"@id":"https:\/\/vakkimsa.com\/ca\/2019\/10\/08\/a-vak-kimsa-hem-inaugurat-ampliacio-de-les-instal%c2%b7lacions\/#primaryimage"},"thumbnailUrl":"https:\/\/vakkimsa.com\/wp-content\/uploads\/2019\/10\/VAK-KIMSA.jpg","articleSection":["Noticias","Not\u00edcies"],"inLanguage":"ca"},{"@type":"WebPage","@id":"https:\/\/vakkimsa.com\/ca\/2019\/10\/08\/a-vak-kimsa-hem-inaugurat-ampliacio-de-les-instal%c2%b7lacions\/","url":"https:\/\/vakkimsa.com\/ca\/2019\/10\/08\/a-vak-kimsa-hem-inaugurat-ampliacio-de-les-instal%c2%b7lacions\/","name":"A VAK KIMSA, S. A. hem inaugurat l'ampliaci\u00f3 de les instal\u00b7lacions!! - Vak Kimsa, S.A.","isPartOf":{"@id":"https:\/\/vakkimsa.com\/ca\/#website"},"primaryImageOfPage":{"@id":"https:\/\/vakkimsa.com\/ca\/2019\/10\/08\/a-vak-kimsa-hem-inaugurat-ampliacio-de-les-instal%c2%b7lacions\/#primaryimage"},"image":{"@id":"https:\/\/vakkimsa.com\/ca\/2019\/10\/08\/a-vak-kimsa-hem-inaugurat-ampliacio-de-les-instal%c2%b7lacions\/#primaryimage"},"thumbnailUrl":"https:\/\/vakkimsa.com\/wp-content\/uploads\/2019\/10\/VAK-KIMSA.jpg","datePublished":"2019-10-08T07:00:20+00:00","dateModified":"2020-01-29T16:23:25+00:00","author":{"@id":"https:\/\/vakkimsa.com\/ca\/#\/schema\/person\/96023607e5388f52d512d5dc4bb6bd8a"},"breadcrumb":{"@id":"https:\/\/vakkimsa.com\/ca\/2019\/10\/08\/a-vak-kimsa-hem-inaugurat-ampliacio-de-les-instal%c2%b7lacions\/#breadcrumb"},"inLanguage":"ca","potentialAction":[{"@type":"ReadAction","target":["https:\/\/vakkimsa.com\/ca\/2019\/10\/08\/a-vak-kimsa-hem-inaugurat-ampliacio-de-les-instal%c2%b7lacions\/"]}]},{"@type":"ImageObject","inLanguage":"ca","@id":"https:\/\/vakkimsa.com\/ca\/2019\/10\/08\/a-vak-kimsa-hem-inaugurat-ampliacio-de-les-instal%c2%b7lacions\/#primaryimage","url":"https:\/\/vakkimsa.com\/wp-content\/uploads\/2019\/10\/VAK-KIMSA.jpg","contentUrl":"https:\/\/vakkimsa.com\/wp-content\/uploads\/2019\/10\/VAK-KIMSA.jpg","width":500,"height":235},{"@type":"BreadcrumbList","@id":"https:\/\/vakkimsa.com\/ca\/2019\/10\/08\/a-vak-kimsa-hem-inaugurat-ampliacio-de-les-instal%c2%b7lacions\/#breadcrumb","itemListElement":[{"@type":"ListItem","position":1,"name":"Portada","item":"https:\/\/vakkimsa.com\/ca\/"},{"@type":"ListItem","position":2,"name":"A VAK KIMSA, S. A. hem inaugurat l&#8217;ampliaci\u00f3 de les instal\u00b7lacions!!"}]},{"@type":"WebSite","@id":"https:\/\/vakkimsa.com\/ca\/#website","url":"https:\/\/vakkimsa.com\/ca\/","name":"Vak Kimsa, S.A.","description":"Agitadores y mezcladores en l\u00ednea","potentialAction":[{"@type":"SearchAction","target":{"@type":"EntryPoint","urlTemplate":"https:\/\/vakkimsa.com\/ca\/?s={search_term_string}"},"query-input":{"@type":"PropertyValueSpecification","valueRequired":true,"valueName":"search_term_string"}}],"inLanguage":"ca"},{"@type":"Person","@id":"https:\/\/vakkimsa.com\/ca\/#\/schema\/person\/96023607e5388f52d512d5dc4bb6bd8a","name":"Vakkimsa","image":{"@type":"ImageObject","inLanguage":"ca","@id":"https:\/\/vakkimsa.com\/ca\/#\/schema\/person\/image\/","url":"https:\/\/secure.gravatar.com\/avatar\/98bfdec375e0b4937d286628da2337bcbf6578c399530b9c214934374e25c7bb?s=96&d=mm&r=g","contentUrl":"https:\/\/secure.gravatar.com\/avatar\/98bfdec375e0b4937d286628da2337bcbf6578c399530b9c214934374e25c7bb?s=96&d=mm&r=g","caption":"Vakkimsa"},"url":"https:\/\/vakkimsa.com\/ca\/author\/vakkimsa\/"}]}},"_links":{"self":[{"href":"https:\/\/vakkimsa.com\/ca\/wp-json\/wp\/v2\/posts\/6801","targetHints":{"allow":["GET"]}}],"collection":[{"href":"https:\/\/vakkimsa.com\/ca\/wp-json\/wp\/v2\/posts"}],"about":[{"href":"https:\/\/vakkimsa.com\/ca\/wp-json\/wp\/v2\/types\/post"}],"author":[{"embeddable":true,"href":"https:\/\/vakkimsa.com\/ca\/wp-json\/wp\/v2\/users\/1"}],"replies":[{"embeddable":true,"href":"https:\/\/vakkimsa.com\/ca\/wp-json\/wp\/v2\/comments?post=6801"}],"version-history":[{"count":0,"href":"https:\/\/vakkimsa.com\/ca\/wp-json\/wp\/v2\/posts\/6801\/revisions"}],"wp:featuredmedia":[{"embeddable":true,"href":"https:\/\/vakkimsa.com\/ca\/wp-json\/wp\/v2\/media\/6803"}],"wp:attachment":[{"href":"https:\/\/vakkimsa.com\/ca\/wp-json\/wp\/v2\/media?parent=6801"}],"wp:term":[{"taxonomy":"category","embeddable":true,"href":"https:\/\/vakkimsa.com\/ca\/wp-json\/wp\/v2\/categories?post=6801"},{"taxonomy":"post_tag","embeddable":true,"href":"https:\/\/vakkimsa.com\/ca\/wp-json\/wp\/v2\/tags?post=6801"}],"curies":[{"name":"wp","href":"https:\/\/api.w.org\/{rel}","templated":true}]}}