{"id":5071,"date":"2019-10-08T09:00:31","date_gmt":"2019-10-08T07:00:31","guid":{"rendered":"https:\/\/vakkimsa.com\/?p=5071"},"modified":"2023-06-21T12:55:31","modified_gmt":"2023-06-21T10:55:31","slug":"alla-vak-kimsa-abbiamo-inaugurato-ampliamento-delle-nostre-stablimento","status":"publish","type":"post","link":"https:\/\/vakkimsa.com\/it\/2019\/10\/08\/alla-vak-kimsa-abbiamo-inaugurato-ampliamento-delle-nostre-stablimento\/","title":{"rendered":"Alla VAK KIMSA, S.A. abbiamo inaugurato l&#8217;ampliamento delle nostre stabilimento!!"},"content":{"rendered":"<div class=\"fusion-fullwidth fullwidth-box fusion-builder-row-1 nonhundred-percent-fullwidth non-hundred-percent-height-scrolling\" style=\"--awb-border-radius-top-left:0px;--awb-border-radius-top-right:0px;--awb-border-radius-bottom-right:0px;--awb-border-radius-bottom-left:0px;--awb-flex-wrap:wrap;\" ><div class=\"fusion-builder-row fusion-row\"><div class=\"fusion-layout-column fusion_builder_column fusion-builder-column-0 fusion_builder_column_1_1 1_1 fusion-one-full fusion-column-first fusion-column-last\" style=\"--awb-bg-size:cover;\"><div class=\"fusion-column-wrapper fusion-flex-column-wrapper-legacy\"><div class=\"fusion-text fusion-text-1\"><p>Venerd\u00ec scorso, 4 ottobre 2019, abbiamo festeggiato l&#8217;evento di apertura dell&#8217;ampliamento delle strutture, che sono passate da 2.000 m<sup>2<\/sup> a 3.500 m<sup>2<\/sup> , con la partecipazione di 200 ospiti.<\/p>\n<p>Queste nuove strutture sono la chiave per affrontare le nuove sfide di business e per continuare ad essere l&#8217;azienda leader nel mercato dell&#8217;agitazione e del mixaggio, pioniere tecnologico e con la vocazione di offrire il miglior servizio e l&#8217;attenzione ai clienti, ai fornitori e al team umano che forma VK.<\/p>\n<p style=\"text-align: justify;\"><span style=\"font-size: 18pt;\"><strong>L&#8217;evento \u00e8 stato un completo successo!<\/strong><\/span><\/p>\n<p>L&#8217;inaugurazione \u00e8 stata ospitata dal team di VK, insieme alla direzione, Helena Rodriguez, Elisabet Rodriguez, Anna Torredeflot e Xavi Torredeflot, che hanno lavorato insieme per rendere l&#8217;evento un successo.<\/p>\n<p>Durante l&#8217;inaugurazione, i partecipanti, attraverso una visita guidata degli impianti, hanno potuto conoscere il processo di produzione di un team dall&#8217;inizio alla fine, spiegato in prima persona dai membri dei diversi reparti della VK.<\/p>\n<p>Tra gli ospiti c&#8217;erano le seguenti personalit\u00e0:<\/p>\n<p><img fetchpriority=\"high\" decoding=\"async\" class=\"wp-image-4036 size-full alignright\" src=\"https:\/\/vakkimsa.com\/wp-content\/uploads\/2019\/10\/el-acto-fue-un-exito-rotundo.jpg\" alt=\"\" width=\"700\" height=\"440\" srcset=\"https:\/\/vakkimsa.com\/wp-content\/uploads\/2019\/10\/el-acto-fue-un-exito-rotundo-200x126.jpg 200w, https:\/\/vakkimsa.com\/wp-content\/uploads\/2019\/10\/el-acto-fue-un-exito-rotundo-320x202.jpg 320w, https:\/\/vakkimsa.com\/wp-content\/uploads\/2019\/10\/el-acto-fue-un-exito-rotundo-400x251.jpg 400w, https:\/\/vakkimsa.com\/wp-content\/uploads\/2019\/10\/el-acto-fue-un-exito-rotundo-600x377.jpg 600w, https:\/\/vakkimsa.com\/wp-content\/uploads\/2019\/10\/el-acto-fue-un-exito-rotundo.jpg 700w\" sizes=\"(max-width: 700px) 100vw, 700px\" \/><\/p>\n<p style=\"text-align: justify;\"><strong>Ramon Tremosa<\/strong>, Professore di Economia UB. Membro del Parlamento Europeo 2009-19. Coordinatore del Comitato Economico del Gruppo Liberale 2017-19, ha osservato nel suo discorso; &#8220;[&#8230;] a livello microeconomico sono molto interessato a sapere quale sia la chiave del successo di una PMI come VAK KIMSA&#8221;, e ha precisato che &#8220;VAK KIMSA, tra il 2007 e il 2018, ha raddoppiato il fatturato dell&#8217;azienda e gli attivi del suo bilancio. In questi dodici anni VAK KIMSA ha quasi raddoppiato il peso degli investimenti in R&amp;S sul fatturato, oltre a raddoppiare il numero dei lavoratori e quadruplicare le esportazioni&#8221;.<\/p>\n<p style=\"text-align: justify;\">Il Presidente della Casa di Terrassa, il signor <strong>Ramon Talam\u00e0s<\/strong>, dice: &#8220;Ingrandire \u00e8, un verbo positivo. [&#8230;] Questo \u00e8 il vero motore della nostra economia e la vostra azienda ne \u00e8 un esempio fedele. La Catalogna \u00e8 forte e ha un potenziale grazie a realt\u00e0 come la vostra. Grazie per il vostro contributo&#8221;.<\/p>\n<p style=\"text-align: justify;\">I Consiglieri del Comune di Rub\u00ed, l&#8217;Assessore all&#8217;Impiegabilit\u00e0 e all&#8217;Educazione, <strong>V\u00edctor Garc\u00eda<\/strong>, hanno sottolineato che: &#8220;[&#8230;] ogni volta che la citt\u00e0 ha cercato la complicit\u00e0 del suo tessuto imprenditoriale, ha trovato in Vak Kimsa un alleato incondizionato&#8221; e il Vicesindaco e l&#8217;Assessore ai Lavori Pubblici,<strong> Juan Lopez<\/strong>.<\/p>\n<p style=\"text-align: justify;\">Il Segretario Generale, <strong>David Garrof\u00e9<\/strong>, e il Presidente di Cecot-Rub\u00ed, <strong>Manel Jim\u00e9nez<\/strong>, sono intervenuti a nome di Cecot.<\/p>\n<p style=\"text-align: justify;\"><strong>Grazie mille per aver condiviso questa giornata insieme!<\/strong><\/p>\n<p><img decoding=\"async\" class=\"wp-image-4037 aligncenter\" src=\"https:\/\/vakkimsa.com\/wp-content\/uploads\/2019\/10\/exito-rotundo.jpg\" alt=\"\" width=\"656\" height=\"407\" \/><\/p>\n<\/div><div class=\"fusion-clearfix\"><\/div><\/div><\/div><\/div><\/div>\n","protected":false},"excerpt":{"rendered":"","protected":false},"author":1,"featured_media":5079,"comment_status":"closed","ping_status":"closed","sticky":false,"template":"","format":"standard","meta":{"footnotes":""},"categories":[27,28],"tags":[],"class_list":["post-5071","post","type-post","status-publish","format-standard","has-post-thumbnail","hentry","category-noticias-it","category-notizie"],"yoast_head":"<!-- This site is optimized with the Yoast SEO plugin v27.1.1 - https:\/\/yoast.com\/product\/yoast-seo-wordpress\/ -->\n<title>Alla VAK KIMSA, S.A. abbiamo inaugurato l&#039;ampliamento delle nostre stabilimento!! - Vak Kimsa, S.A.<\/title>\n<meta name=\"robots\" content=\"index, follow, max-snippet:-1, max-image-preview:large, max-video-preview:-1\" \/>\n<link rel=\"canonical\" href=\"https:\/\/vakkimsa.com\/it\/2019\/10\/08\/alla-vak-kimsa-abbiamo-inaugurato-ampliamento-delle-nostre-stablimento\/\" \/>\n<meta property=\"og:locale\" content=\"it_IT\" \/>\n<meta property=\"og:type\" content=\"article\" \/>\n<meta property=\"og:title\" content=\"Alla VAK KIMSA, S.A. abbiamo inaugurato l&#039;ampliamento delle nostre stabilimento!! - Vak Kimsa, S.A.\" \/>\n<meta property=\"og:url\" content=\"https:\/\/vakkimsa.com\/it\/2019\/10\/08\/alla-vak-kimsa-abbiamo-inaugurato-ampliamento-delle-nostre-stablimento\/\" \/>\n<meta property=\"og:site_name\" content=\"Vak Kimsa, S.A.\" \/>\n<meta property=\"article:published_time\" content=\"2019-10-08T07:00:31+00:00\" \/>\n<meta property=\"article:modified_time\" content=\"2023-06-21T10:55:31+00:00\" \/>\n<meta property=\"og:image\" content=\"https:\/\/vakkimsa.com\/wp-content\/uploads\/2019\/10\/VAK-KIMSA-1.jpg\" \/>\n\t<meta property=\"og:image:width\" content=\"500\" \/>\n\t<meta property=\"og:image:height\" content=\"235\" \/>\n\t<meta property=\"og:image:type\" content=\"image\/jpeg\" \/>\n<meta name=\"author\" content=\"Vakkimsa\" \/>\n<meta name=\"twitter:card\" content=\"summary_large_image\" \/>\n<meta name=\"twitter:label1\" content=\"Scritto da\" \/>\n\t<meta name=\"twitter:data1\" content=\"Vakkimsa\" \/>\n\t<meta name=\"twitter:label2\" content=\"Tempo di lettura stimato\" \/>\n\t<meta name=\"twitter:data2\" content=\"3 minuti\" \/>\n<script type=\"application\/ld+json\" class=\"yoast-schema-graph\">{\"@context\":\"https:\/\/schema.org\",\"@graph\":[{\"@type\":\"Article\",\"@id\":\"https:\/\/vakkimsa.com\/it\/2019\/10\/08\/alla-vak-kimsa-abbiamo-inaugurato-ampliamento-delle-nostre-stablimento\/#article\",\"isPartOf\":{\"@id\":\"https:\/\/vakkimsa.com\/it\/2019\/10\/08\/alla-vak-kimsa-abbiamo-inaugurato-ampliamento-delle-nostre-stablimento\/\"},\"author\":{\"name\":\"Vakkimsa\",\"@id\":\"https:\/\/vakkimsa.com\/it\/#\/schema\/person\/96023607e5388f52d512d5dc4bb6bd8a\"},\"headline\":\"Alla VAK KIMSA, S.A. abbiamo inaugurato l&#8217;ampliamento delle nostre stabilimento!!\",\"datePublished\":\"2019-10-08T07:00:31+00:00\",\"dateModified\":\"2023-06-21T10:55:31+00:00\",\"mainEntityOfPage\":{\"@id\":\"https:\/\/vakkimsa.com\/it\/2019\/10\/08\/alla-vak-kimsa-abbiamo-inaugurato-ampliamento-delle-nostre-stablimento\/\"},\"wordCount\":574,\"image\":{\"@id\":\"https:\/\/vakkimsa.com\/it\/2019\/10\/08\/alla-vak-kimsa-abbiamo-inaugurato-ampliamento-delle-nostre-stablimento\/#primaryimage\"},\"thumbnailUrl\":\"https:\/\/vakkimsa.com\/wp-content\/uploads\/2019\/10\/VAK-KIMSA-1.jpg\",\"articleSection\":[\"Noticias\",\"Notizie\"],\"inLanguage\":\"it-IT\"},{\"@type\":\"WebPage\",\"@id\":\"https:\/\/vakkimsa.com\/it\/2019\/10\/08\/alla-vak-kimsa-abbiamo-inaugurato-ampliamento-delle-nostre-stablimento\/\",\"url\":\"https:\/\/vakkimsa.com\/it\/2019\/10\/08\/alla-vak-kimsa-abbiamo-inaugurato-ampliamento-delle-nostre-stablimento\/\",\"name\":\"Alla VAK KIMSA, S.A. abbiamo inaugurato l'ampliamento delle nostre stabilimento!! - Vak Kimsa, S.A.\",\"isPartOf\":{\"@id\":\"https:\/\/vakkimsa.com\/it\/#website\"},\"primaryImageOfPage\":{\"@id\":\"https:\/\/vakkimsa.com\/it\/2019\/10\/08\/alla-vak-kimsa-abbiamo-inaugurato-ampliamento-delle-nostre-stablimento\/#primaryimage\"},\"image\":{\"@id\":\"https:\/\/vakkimsa.com\/it\/2019\/10\/08\/alla-vak-kimsa-abbiamo-inaugurato-ampliamento-delle-nostre-stablimento\/#primaryimage\"},\"thumbnailUrl\":\"https:\/\/vakkimsa.com\/wp-content\/uploads\/2019\/10\/VAK-KIMSA-1.jpg\",\"datePublished\":\"2019-10-08T07:00:31+00:00\",\"dateModified\":\"2023-06-21T10:55:31+00:00\",\"author\":{\"@id\":\"https:\/\/vakkimsa.com\/it\/#\/schema\/person\/96023607e5388f52d512d5dc4bb6bd8a\"},\"breadcrumb\":{\"@id\":\"https:\/\/vakkimsa.com\/it\/2019\/10\/08\/alla-vak-kimsa-abbiamo-inaugurato-ampliamento-delle-nostre-stablimento\/#breadcrumb\"},\"inLanguage\":\"it-IT\",\"potentialAction\":[{\"@type\":\"ReadAction\",\"target\":[\"https:\/\/vakkimsa.com\/it\/2019\/10\/08\/alla-vak-kimsa-abbiamo-inaugurato-ampliamento-delle-nostre-stablimento\/\"]}]},{\"@type\":\"ImageObject\",\"inLanguage\":\"it-IT\",\"@id\":\"https:\/\/vakkimsa.com\/it\/2019\/10\/08\/alla-vak-kimsa-abbiamo-inaugurato-ampliamento-delle-nostre-stablimento\/#primaryimage\",\"url\":\"https:\/\/vakkimsa.com\/wp-content\/uploads\/2019\/10\/VAK-KIMSA-1.jpg\",\"contentUrl\":\"https:\/\/vakkimsa.com\/wp-content\/uploads\/2019\/10\/VAK-KIMSA-1.jpg\",\"width\":500,\"height\":235},{\"@type\":\"BreadcrumbList\",\"@id\":\"https:\/\/vakkimsa.com\/it\/2019\/10\/08\/alla-vak-kimsa-abbiamo-inaugurato-ampliamento-delle-nostre-stablimento\/#breadcrumb\",\"itemListElement\":[{\"@type\":\"ListItem\",\"position\":1,\"name\":\"Portada\",\"item\":\"https:\/\/vakkimsa.com\/it\/\"},{\"@type\":\"ListItem\",\"position\":2,\"name\":\"Alla VAK KIMSA, S.A. abbiamo inaugurato l&#8217;ampliamento delle nostre stabilimento!!\"}]},{\"@type\":\"WebSite\",\"@id\":\"https:\/\/vakkimsa.com\/it\/#website\",\"url\":\"https:\/\/vakkimsa.com\/it\/\",\"name\":\"Vak Kimsa, S.A.\",\"description\":\"Agitadores y mezcladores en l\u00ednea\",\"potentialAction\":[{\"@type\":\"SearchAction\",\"target\":{\"@type\":\"EntryPoint\",\"urlTemplate\":\"https:\/\/vakkimsa.com\/it\/?s={search_term_string}\"},\"query-input\":{\"@type\":\"PropertyValueSpecification\",\"valueRequired\":true,\"valueName\":\"search_term_string\"}}],\"inLanguage\":\"it-IT\"},{\"@type\":\"Person\",\"@id\":\"https:\/\/vakkimsa.com\/it\/#\/schema\/person\/96023607e5388f52d512d5dc4bb6bd8a\",\"name\":\"Vakkimsa\",\"image\":{\"@type\":\"ImageObject\",\"inLanguage\":\"it-IT\",\"@id\":\"https:\/\/vakkimsa.com\/it\/#\/schema\/person\/image\/\",\"url\":\"https:\/\/secure.gravatar.com\/avatar\/98bfdec375e0b4937d286628da2337bcbf6578c399530b9c214934374e25c7bb?s=96&d=mm&r=g\",\"contentUrl\":\"https:\/\/secure.gravatar.com\/avatar\/98bfdec375e0b4937d286628da2337bcbf6578c399530b9c214934374e25c7bb?s=96&d=mm&r=g\",\"caption\":\"Vakkimsa\"},\"url\":\"https:\/\/vakkimsa.com\/it\/author\/vakkimsa\/\"}]}<\/script>\n<!-- \/ Yoast SEO plugin. -->","yoast_head_json":{"title":"Alla VAK KIMSA, S.A. abbiamo inaugurato l'ampliamento delle nostre stabilimento!! - Vak Kimsa, S.A.","robots":{"index":"index","follow":"follow","max-snippet":"max-snippet:-1","max-image-preview":"max-image-preview:large","max-video-preview":"max-video-preview:-1"},"canonical":"https:\/\/vakkimsa.com\/it\/2019\/10\/08\/alla-vak-kimsa-abbiamo-inaugurato-ampliamento-delle-nostre-stablimento\/","og_locale":"it_IT","og_type":"article","og_title":"Alla VAK KIMSA, S.A. abbiamo inaugurato l'ampliamento delle nostre stabilimento!! - Vak Kimsa, S.A.","og_url":"https:\/\/vakkimsa.com\/it\/2019\/10\/08\/alla-vak-kimsa-abbiamo-inaugurato-ampliamento-delle-nostre-stablimento\/","og_site_name":"Vak Kimsa, S.A.","article_published_time":"2019-10-08T07:00:31+00:00","article_modified_time":"2023-06-21T10:55:31+00:00","og_image":[{"width":500,"height":235,"url":"https:\/\/vakkimsa.com\/wp-content\/uploads\/2019\/10\/VAK-KIMSA-1.jpg","type":"image\/jpeg"}],"author":"Vakkimsa","twitter_card":"summary_large_image","twitter_misc":{"Scritto da":"Vakkimsa","Tempo di lettura stimato":"3 minuti"},"schema":{"@context":"https:\/\/schema.org","@graph":[{"@type":"Article","@id":"https:\/\/vakkimsa.com\/it\/2019\/10\/08\/alla-vak-kimsa-abbiamo-inaugurato-ampliamento-delle-nostre-stablimento\/#article","isPartOf":{"@id":"https:\/\/vakkimsa.com\/it\/2019\/10\/08\/alla-vak-kimsa-abbiamo-inaugurato-ampliamento-delle-nostre-stablimento\/"},"author":{"name":"Vakkimsa","@id":"https:\/\/vakkimsa.com\/it\/#\/schema\/person\/96023607e5388f52d512d5dc4bb6bd8a"},"headline":"Alla VAK KIMSA, S.A. abbiamo inaugurato l&#8217;ampliamento delle nostre stabilimento!!","datePublished":"2019-10-08T07:00:31+00:00","dateModified":"2023-06-21T10:55:31+00:00","mainEntityOfPage":{"@id":"https:\/\/vakkimsa.com\/it\/2019\/10\/08\/alla-vak-kimsa-abbiamo-inaugurato-ampliamento-delle-nostre-stablimento\/"},"wordCount":574,"image":{"@id":"https:\/\/vakkimsa.com\/it\/2019\/10\/08\/alla-vak-kimsa-abbiamo-inaugurato-ampliamento-delle-nostre-stablimento\/#primaryimage"},"thumbnailUrl":"https:\/\/vakkimsa.com\/wp-content\/uploads\/2019\/10\/VAK-KIMSA-1.jpg","articleSection":["Noticias","Notizie"],"inLanguage":"it-IT"},{"@type":"WebPage","@id":"https:\/\/vakkimsa.com\/it\/2019\/10\/08\/alla-vak-kimsa-abbiamo-inaugurato-ampliamento-delle-nostre-stablimento\/","url":"https:\/\/vakkimsa.com\/it\/2019\/10\/08\/alla-vak-kimsa-abbiamo-inaugurato-ampliamento-delle-nostre-stablimento\/","name":"Alla VAK KIMSA, S.A. abbiamo inaugurato l'ampliamento delle nostre stabilimento!! - Vak Kimsa, S.A.","isPartOf":{"@id":"https:\/\/vakkimsa.com\/it\/#website"},"primaryImageOfPage":{"@id":"https:\/\/vakkimsa.com\/it\/2019\/10\/08\/alla-vak-kimsa-abbiamo-inaugurato-ampliamento-delle-nostre-stablimento\/#primaryimage"},"image":{"@id":"https:\/\/vakkimsa.com\/it\/2019\/10\/08\/alla-vak-kimsa-abbiamo-inaugurato-ampliamento-delle-nostre-stablimento\/#primaryimage"},"thumbnailUrl":"https:\/\/vakkimsa.com\/wp-content\/uploads\/2019\/10\/VAK-KIMSA-1.jpg","datePublished":"2019-10-08T07:00:31+00:00","dateModified":"2023-06-21T10:55:31+00:00","author":{"@id":"https:\/\/vakkimsa.com\/it\/#\/schema\/person\/96023607e5388f52d512d5dc4bb6bd8a"},"breadcrumb":{"@id":"https:\/\/vakkimsa.com\/it\/2019\/10\/08\/alla-vak-kimsa-abbiamo-inaugurato-ampliamento-delle-nostre-stablimento\/#breadcrumb"},"inLanguage":"it-IT","potentialAction":[{"@type":"ReadAction","target":["https:\/\/vakkimsa.com\/it\/2019\/10\/08\/alla-vak-kimsa-abbiamo-inaugurato-ampliamento-delle-nostre-stablimento\/"]}]},{"@type":"ImageObject","inLanguage":"it-IT","@id":"https:\/\/vakkimsa.com\/it\/2019\/10\/08\/alla-vak-kimsa-abbiamo-inaugurato-ampliamento-delle-nostre-stablimento\/#primaryimage","url":"https:\/\/vakkimsa.com\/wp-content\/uploads\/2019\/10\/VAK-KIMSA-1.jpg","contentUrl":"https:\/\/vakkimsa.com\/wp-content\/uploads\/2019\/10\/VAK-KIMSA-1.jpg","width":500,"height":235},{"@type":"BreadcrumbList","@id":"https:\/\/vakkimsa.com\/it\/2019\/10\/08\/alla-vak-kimsa-abbiamo-inaugurato-ampliamento-delle-nostre-stablimento\/#breadcrumb","itemListElement":[{"@type":"ListItem","position":1,"name":"Portada","item":"https:\/\/vakkimsa.com\/it\/"},{"@type":"ListItem","position":2,"name":"Alla VAK KIMSA, S.A. abbiamo inaugurato l&#8217;ampliamento delle nostre stabilimento!!"}]},{"@type":"WebSite","@id":"https:\/\/vakkimsa.com\/it\/#website","url":"https:\/\/vakkimsa.com\/it\/","name":"Vak Kimsa, S.A.","description":"Agitadores y mezcladores en l\u00ednea","potentialAction":[{"@type":"SearchAction","target":{"@type":"EntryPoint","urlTemplate":"https:\/\/vakkimsa.com\/it\/?s={search_term_string}"},"query-input":{"@type":"PropertyValueSpecification","valueRequired":true,"valueName":"search_term_string"}}],"inLanguage":"it-IT"},{"@type":"Person","@id":"https:\/\/vakkimsa.com\/it\/#\/schema\/person\/96023607e5388f52d512d5dc4bb6bd8a","name":"Vakkimsa","image":{"@type":"ImageObject","inLanguage":"it-IT","@id":"https:\/\/vakkimsa.com\/it\/#\/schema\/person\/image\/","url":"https:\/\/secure.gravatar.com\/avatar\/98bfdec375e0b4937d286628da2337bcbf6578c399530b9c214934374e25c7bb?s=96&d=mm&r=g","contentUrl":"https:\/\/secure.gravatar.com\/avatar\/98bfdec375e0b4937d286628da2337bcbf6578c399530b9c214934374e25c7bb?s=96&d=mm&r=g","caption":"Vakkimsa"},"url":"https:\/\/vakkimsa.com\/it\/author\/vakkimsa\/"}]}},"_links":{"self":[{"href":"https:\/\/vakkimsa.com\/it\/wp-json\/wp\/v2\/posts\/5071","targetHints":{"allow":["GET"]}}],"collection":[{"href":"https:\/\/vakkimsa.com\/it\/wp-json\/wp\/v2\/posts"}],"about":[{"href":"https:\/\/vakkimsa.com\/it\/wp-json\/wp\/v2\/types\/post"}],"author":[{"embeddable":true,"href":"https:\/\/vakkimsa.com\/it\/wp-json\/wp\/v2\/users\/1"}],"replies":[{"embeddable":true,"href":"https:\/\/vakkimsa.com\/it\/wp-json\/wp\/v2\/comments?post=5071"}],"version-history":[{"count":0,"href":"https:\/\/vakkimsa.com\/it\/wp-json\/wp\/v2\/posts\/5071\/revisions"}],"wp:featuredmedia":[{"embeddable":true,"href":"https:\/\/vakkimsa.com\/it\/wp-json\/wp\/v2\/media\/5079"}],"wp:attachment":[{"href":"https:\/\/vakkimsa.com\/it\/wp-json\/wp\/v2\/media?parent=5071"}],"wp:term":[{"taxonomy":"category","embeddable":true,"href":"https:\/\/vakkimsa.com\/it\/wp-json\/wp\/v2\/categories?post=5071"},{"taxonomy":"post_tag","embeddable":true,"href":"https:\/\/vakkimsa.com\/it\/wp-json\/wp\/v2\/tags?post=5071"}],"curies":[{"name":"wp","href":"https:\/\/api.w.org\/{rel}","templated":true}]}}